{"id":592,"date":"2022-04-19T09:31:10","date_gmt":"2022-04-19T09:31:10","guid":{"rendered":"https:\/\/shelly.merku.love\/?p=8"},"modified":"2022-05-06T07:55:22","modified_gmt":"2022-05-06T07:55:22","slug":"mitelik-olmadan-nitelik-olmaz","status":"publish","type":"post","link":"https:\/\/www.mitelik.com.tr\/en\/2022\/04\/19\/mitelik-olmadan-nitelik-olmaz\/","title":{"rendered":"There is no quality without Mitelik!"},"content":{"rendered":"<p><em>\u201cBir heykelt\u0131ra\u015f, kocaman bir at\u00f6lyenin i\u00e7inde etraf\u0131 \u00e7ocuklarla \u00e7evrili olarak \u00e7al\u0131\u015f\u0131rm\u0131\u015f. Mahallenin b\u00fct\u00fcn \u00e7ocuklar\u0131 onun arkada\u015f\u0131ym\u0131\u015f. G\u00fcn\u00fcn birinde belediye ona, \u015fehrin meydanlar\u0131ndan birine dikmek i\u00e7in b\u00fcy\u00fck bir at heykeli sipari\u015f etmi\u015f, Bir kamyon, devasa bir granit bloku at\u00f6lyesine getirmi\u015f.<\/em><\/p>\n<p><em>Heykelt\u0131ra\u015f bir merpene \u00e7\u0131k\u0131p elinde \u00e7eki\u00e7 ve keskiyle ta\u015f\u0131 yontmaya ba\u015flam\u0131\u015f. \u00c7ocuklar onun \u00e7al\u0131\u015fmas\u0131n\u0131 izliyorlarm\u0131\u015f. Derken tatillerini ge\u00e7irmek \u00fczere da\u011flara ya da deniz k\u0131y\u0131s\u0131na gitmi\u015fler.<\/em><\/p>\n<p><em>Geri d\u00f6nd\u00fcklerinde heykelt\u0131ra\u015f onlara at\u0131n bitmi\u015f halini g\u00f6stermi\u015f.\u00a0\u00c7ocuklardan biri, falta\u015f\u0131 gibi g\u00f6zleriyle ona sormu\u015f \u2018Peki ama\u2026 O ta\u015f\u0131n i\u00e7inde bir at oldu\u011funu nereden biliyordun?\u201d \u00a0<\/em>(Eduardo Galeano; A\u015fk\u0131n ve Sava\u015f\u0131n G\u00fcnd\u00fcz ve Geceleri)<\/p>\n<p>&nbsp;<\/p>\n<p>&nbsp;<\/p>\n<p>Bu \u00fcnl\u00fc k\u0131sa hikaye bize,\u00a0<em><strong>\u201cYok&#8221; asl\u0131nda hen\u00fcz bilinemeyen vard\u0131r\u00a0<\/strong><\/em>g\u00f6r\u00fc\u015f\u00fcne getirilmi\u015f yerinde ve g\u00fczel bir \u00f6zet sunuyor&#8230;\u00a0<\/p>\n<p>&nbsp;<\/p>\n<p>Acaba bir granit blo\u011funda\u00a0<em>&#8220;saklanabilen&#8221;<\/em>\u00a0at\u0131 bulup \u00e7\u0131karan heykeltra\u015f gibi insan varl\u0131\u011f\u0131nda da\u00a0<strong>\u201cyok gibi g\u00f6r\u00fcnenden var edebilmek\u201d<\/strong>\u00a0m\u00fcmk\u00fcn m\u00fcd\u00fcr?<\/p>\n<p>&nbsp;<\/p>\n<p>Bir insan\u0131n veya bir \u00fclkenin b\u00fct\u00fcn kaynaklar\u0131n\u0131n do\u011fru kullan\u0131m\u0131yla t\u0131pk\u0131 granit blo\u011fundan bir sanat eseri yarat\u0131labilmesi gibi insan kayna\u011f\u0131ndan yola \u00e7\u0131karak\u00a0<em>yeni bir medeniyet<\/em>\u00a0yaratmak da m\u00fcmk\u00fcn olabilir mi?<\/p>\n<p>&nbsp;<\/p>\n<p>Hi\u00e7 \u015f\u00fcphesiz bu sorulara y\u00f6nelik cevab\u0131m\u0131z\u00a0<strong>&#8220;Evet m\u00fcmk\u00fcn&#8221;!<\/strong><\/p>\n<p>&nbsp;<\/p>\n<p>G\u00fcn\u00fcm\u00fczde \u0130nsan Kaynaklar\u0131 disiplini\u00a0<em>\u201cinsan varl\u0131\u011f\u0131n\u0131n asli de\u011fer ve potansiyel itibar\u0131n\u0131 iade eden\u201d<\/em>\u00a0yeni bir yakla\u015f\u0131ma ihtiya\u00e7 duyuyor. \u00c7al\u0131\u015fanlar\u0131n yaln\u0131zca<em>\u00a0bedensel i\u015flevleri<\/em>\u00a0\u00fczerinden tan\u0131mlanmas\u0131ndan ad\u0131m ad\u0131m uzakla\u015f\u0131lmas\u0131,\u00a0bireylerin duygusal motivasyonlar\u0131na hitap eden \u00e7al\u0131\u015fma ortam\u0131 talebi; \u00fcretimin de buna paralel olarak bireysel farkl\u0131l\u0131klara hitap edecek \u015fekilde yarat\u0131c\u0131 ve bireyselle\u015ftirilmi\u015f \u00fcr\u00fcnler vermeye odaklanmas\u0131 insan\u0131n t\u00fcm varl\u0131\u011f\u0131yla\u00a0tarih sahnesini\u00a0yeniden zorlad\u0131\u011f\u0131 yorumunu yapmam\u0131z\u0131 olanakl\u0131 k\u0131l\u0131yor.<\/p>\n<p>&nbsp;<\/p>\n<p>&nbsp;<\/p>\n<p>Bizce i\u015fin s\u0131rr\u0131; insan\u0131 \u00fcretkenle\u015ftirecek ihtiya\u00e7lar\u0131 iyi tan\u0131mak ve zihni, do\u011fru noktalardan tetikleyebilmekte gizlidir. \u0130nsan, \u00fcretkenlik bak\u0131m\u0131ndan, su verildi\u011fi takdirde verimlile\u015fen, \u00fczerine bas\u0131ld\u0131\u011f\u0131nda-ketlendi\u011finde ise \u00e7\u00f6lle\u015fen bir topra\u011fa benzetilebilir.<\/p>\n<p>&nbsp;<\/p>\n<p>\u0130nsan do\u011fas\u0131n\u0131n ihtiya\u00e7lar\u0131n\u0131 ve motivasyonlar\u0131n\u0131 tan\u0131y\u0131p anlayabilen, bireysel farkl\u0131l\u0131klar\u0131 e\u011fitimle organize edip bireye, do\u011fru bir akademik ve mesleki dan\u0131\u015fmanl\u0131kla yol g\u00f6steren bir e\u011fitim sistemi ve bu e\u011fitim sistemiyle g\u00f6bek ba\u011f\u0131yla ba\u011flant\u0131 kurabilen bir \u0130nsan Kaynaklar\u0131 anlay\u0131\u015f\u0131n\u0131n geli\u015ftirilmesi\u00a0<strong>yok gibi g\u00f6r\u00fcnenden var edebilmenin\u00a0<\/strong>s\u0131rr\u0131n\u0131 sunuyor.<\/p>\n<p>&nbsp;<\/p>\n<p><strong>Dokuz Tip Miza\u00e7 Modeli,<\/strong>\u00a0ilk kez T\u00fcrk ara\u015ft\u0131rmac\u0131lar taraf\u0131ndan T\u00fcrkiye\u2019de geli\u015ftirilen ve hem ulusal hem de uluslararas\u0131 pek \u00e7ok akademik \u00e7al\u0131\u015fmaya konu olan bir model&#8230; E\u011fitimde\u00a0<strong>M\u0130TERYA<\/strong>\u00a0(Miza\u00e7 Temelli E\u011fitim ve Rehberlik Yakla\u015f\u0131m\u0131), dan\u0131\u015fmanl\u0131kta\u00a0<strong>M\u0130TEDAN<\/strong>\u00a0(Miza\u00e7 Temelli Dan\u0131\u015fmanl\u0131k) ve \u0130nsan Kaynaklar\u0131 alan\u0131nda\u00a0<strong>M\u0130TEL\u0130K<\/strong>\u00a0(Miza\u00e7 Temelli Liyakat Esasl\u0131 \u0130nsan Kaynaklar\u0131 Modeli) gibi farkl\u0131 yaz\u0131l\u0131m uygulama alanlar\u0131nda pek \u00e7ok etkileyici modelin de bilimsel temelini olu\u015fturuyor.<\/p>\n<p>&nbsp;<\/p>\n<p>Liyakatin miza\u00e7 ve bilimle bulu\u015fmas\u0131yla do\u011fan M\u0130TEL\u0130K, \u00e7\u00f6lle\u015fen bir topra\u011fa benzeyen d\u00fcnyam\u0131zda B\u00fcy\u00fck T\u00fcrkiye&#8217;nin evrensel ve milli modeli olarak ye\u015fermeye aday! O kurakl\u0131\u011f\u0131n i\u00e7inde orman oldu\u011funu nereden biliyordunuz diye soruldu\u011funda &#8220;kendi varl\u0131\u011f\u0131m\u0131zdan&#8221; demek i\u00e7in&#8230;<\/p>\n<p>&nbsp;<\/p>\n<p><em><strong>Mitelik<\/strong><\/em><strong>\u00a0olmadan\u00a0<\/strong><em><strong>nitelik<\/strong><\/em><strong>\u00a0olmaz!<\/strong><\/p>","protected":false},"excerpt":{"rendered":"<p>\u201cBir heykelt\u0131ra\u015f, kocaman bir at\u00f6lyenin i\u00e7inde etraf\u0131 \u00e7ocuklarla \u00e7evrili olarak \u00e7al\u0131\u015f\u0131rm\u0131\u015f. Mahallenin b\u00fct\u00fcn \u00e7ocuklar\u0131 onun arkada\u015f\u0131ym\u0131\u015f. G\u00fcn\u00fcn birinde belediye ona, \u015fehrin meydanlar\u0131ndan birine dikmek i\u00e7in b\u00fcy\u00fck bir at heykeli sipari\u015f etmi\u015f, Bir kamyon, devasa bir granit bloku at\u00f6lyesine getirmi\u015f. Heykelt\u0131ra\u015f bir merpene \u00e7\u0131k\u0131p elinde \u00e7eki\u00e7 ve keskiyle ta\u015f\u0131 yontmaya ba\u015flam\u0131\u015f. \u00c7ocuklar onun \u00e7al\u0131\u015fmas\u0131n\u0131 izliyorlarm\u0131\u015f. Derken [&hellip;]<\/p>","protected":false},"author":1,"featured_media":2489,"comment_status":"closed","ping_status":"closed","sticky":true,"template":"","format":"standard","meta":{"footnotes":""},"categories":[1],"tags":[],"class_list":["post-592","post","type-post","status-publish","format-standard","has-post-thumbnail","hentry","category-genel"],"aioseo_notices":[],"_links":{"self":[{"href":"https:\/\/www.mitelik.com.tr\/en\/wp-json\/wp\/v2\/posts\/592","targetHints":{"allow":["GET"]}}],"collection":[{"href":"https:\/\/www.mitelik.com.tr\/en\/wp-json\/wp\/v2\/posts"}],"about":[{"href":"https:\/\/www.mitelik.com.tr\/en\/wp-json\/wp\/v2\/types\/post"}],"author":[{"embeddable":true,"href":"https:\/\/www.mitelik.com.tr\/en\/wp-json\/wp\/v2\/users\/1"}],"replies":[{"embeddable":true,"href":"https:\/\/www.mitelik.com.tr\/en\/wp-json\/wp\/v2\/comments?post=592"}],"version-history":[{"count":4,"href":"https:\/\/www.mitelik.com.tr\/en\/wp-json\/wp\/v2\/posts\/592\/revisions"}],"predecessor-version":[{"id":2490,"href":"https:\/\/www.mitelik.com.tr\/en\/wp-json\/wp\/v2\/posts\/592\/revisions\/2490"}],"wp:featuredmedia":[{"embeddable":true,"href":"https:\/\/www.mitelik.com.tr\/en\/wp-json\/wp\/v2\/media\/2489"}],"wp:attachment":[{"href":"https:\/\/www.mitelik.com.tr\/en\/wp-json\/wp\/v2\/media?parent=592"}],"wp:term":[{"taxonomy":"category","embeddable":true,"href":"https:\/\/www.mitelik.com.tr\/en\/wp-json\/wp\/v2\/categories?post=592"},{"taxonomy":"post_tag","embeddable":true,"href":"https:\/\/www.mitelik.com.tr\/en\/wp-json\/wp\/v2\/tags?post=592"}],"curies":[{"name":"wp","href":"https:\/\/api.w.org\/{rel}","templated":true}]}}